{"id":1838,"date":"2025-09-20T15:45:02","date_gmt":"2025-09-20T13:45:02","guid":{"rendered":"https:\/\/www.oneida-associes.com\/september-2025\/"},"modified":"2025-12-04T10:35:36","modified_gmt":"2025-12-04T09:35:36","slug":"september-2025","status":"publish","type":"post","link":"https:\/\/www.oneida-associes.com\/de\/september-2025\/","title":{"rendered":"September 2025"},"content":{"rendered":"<p>[et_pb_section fb_built=&#8220;1&#8243; _builder_version=&#8220;4.27.4&#8243; _module_preset=&#8220;default&#8220; background_color=&#8220;#FFFFFF&#8220; custom_margin=&#8220;0px||0px||true|false&#8220; custom_padding=&#8220;0px||0px||true|false&#8220; collapsed=&#8220;off&#8220; global_colors_info=&#8220;{}&#8220;][et_pb_row admin_label=&#8220;Linie&#8220; _builder_version=&#8220;4.27.4&#8243; _module_preset=&#8220;default&#8220; custom_margin=&#8220;25px||5px||false|false&#8220; custom_padding=&#8220;5px|1px|5px||true|false&#8220; locked=&#8220;off&#8220; global_colors_info=&#8220;{}&#8220;][et_pb_column type=&#8220;4_4&#8243; _builder_version=&#8220;4.27.4&#8243; _module_preset=&#8220;default&#8220; global_colors_info=&#8220;{}&#8220;][et_pb_text admin_label=&#8220;Texte&#8220; _builder_version=&#8220;4.27.4&#8243; _module_preset=&#8220;default&#8220; text_font=&#8220;|700|||||||&#8220; text_text_color=&#8220;#EC6608&#8243; text_font_size=&#8220;13px&#8220; text_line_height=&#8220;2.1em&#8220; header_2_text_align=&#8220;center&#8220; header_2_text_color=&#8220;#FB4F14&#8243; header_2_font_size=&#8220;36px&#8220; text_orientation=&#8220;center&#8220; custom_margin=&#8220;5px|-75px|5px||true|false&#8220; custom_padding=&#8220;5px||5px||true|false&#8220; global_colors_info=&#8220;{}&#8220; width=&#8220;100%&#8220;]<\/p>\n<h1 style=\"text-align: center;\"><span style=\"color: #ec6608;\"><b>Oneida Associ\u00e9s Partner des  <\/b><\/span><\/h1>\n<h1 style=\"text-align: center;\"><span style=\"color: #ec6608;\"><b>Restrukturierungs- &amp; Transformationsgipfels <\/b><\/span><\/h1>\n<h1 style=\"text-align: center;\"><span style=\"color: #ec6608;\"><b>2025<\/b><\/span><\/h1>\n<p>[\/et_pb_text][et_pb_divider color=&#8220;#EC6608&#8243; divider_position=&#8220;center&#8220; divider_weight=&#8220;4px&#8220; _builder_version=&#8220;4.27.4&#8243; _module_preset=&#8220;default&#8220; width=&#8220;200px&#8220; max_width=&#8220;200px&#8220; module_alignment=&#8220;center&#8220; custom_margin=&#8220;5px||5px||true|false&#8220; custom_padding=&#8220;5px||5px||true|false&#8220; global_colors_info=&#8220;{}&#8220;][\/et_pb_divider][et_pb_text admin_label=&#8220;Texte&#8220; _builder_version=&#8220;4.27.4&#8243; _module_preset=&#8220;default&#8220; header_text_align=&#8220;center&#8220; header_text_color=&#8220;#EC6608&#8243; header_2_text_align=&#8220;center&#8220; header_2_text_color=&#8220;#FB4F14&#8243; header_2_font_size=&#8220;36px&#8220; custom_margin=&#8220;5px||5px||true|false&#8220; custom_padding=&#8220;5px||5px||true|false&#8220; global_colors_info=&#8220;{}&#8220;]<\/p>\n<h5 style=\"text-align: center;\"><span style=\"color: #ff6600;\">September 2025<\/span><\/h5>\n<p>[\/et_pb_text][et_pb_code _builder_version=&#8220;4.27.4&#8243; _module_preset=&#8220;default&#8220; global_colors_info=&#8220;{}&#8220;][\/et_pb_code][\/et_pb_column][\/et_pb_row][et_pb_row _builder_version=&#8220;4.27.4&#8243; _module_preset=&#8220;default&#8220; global_colors_info=&#8220;{}&#8220;][et_pb_column type=&#8220;4_4&#8243; _builder_version=&#8220;4.27.4&#8243; _module_preset=&#8220;default&#8220; global_colors_info=&#8220;{}&#8220;][et_pb_text _builder_version=&#8220;4.27.4&#8243; _module_preset=&#8220;default&#8220; text_text_color=&#8220;#5F727F&#8220; text_orientation=&#8220;justified&#8220; global_colors_info=&#8220;{}&#8220;]<\/p>\n<p style=\"text-align: justify;\"><span style=\"color: #333333;\">Oneida Associ\u00e9s war Partner des letzten Restrukturierungs- &amp; Transformationsgipfels, der am 17. September 2025 in Paris stattfand.<\/span><\/p>\n<p style=\"text-align: justify;\"><span style=\"color: #333333;\"><a href=\"https:\/\/www.linkedin.com\/in\/beno%C3%AEt-parnet-4319634\/\" id=\"ember1983\" class=\"ember-view\" style=\"color: #333333;\" tabindex=\"0\">Beno\u00eet Parnet<\/a><span class=\"white-space-pre\"> <\/span>und<span class=\"white-space-pre\"> <\/span><a href=\"https:\/\/www.linkedin.com\/in\/dampoux\/\" id=\"ember1984\" class=\"ember-view\" style=\"color: #333333;\" tabindex=\"0\">Emmanuel Dampoux<\/a>, Partner in der Abteilung M&amp;A-L\u00f6sungen, wurden von<span class=\"white-space-pre\"> <\/span><a href=\"https:\/\/www.linkedin.com\/in\/mathieu-meffre-92595622\/\" id=\"ember1985\" class=\"ember-view\" style=\"color: #333333;\" tabindex=\"0\">Mathieu Meffre<\/a>, Direktor von Leaders League &amp; B SMART 4 CHANGE, im Anschluss an ihren Vortrag auf der Konferenz \u201eEinen Carve-Out erfolgreich gestalten: Ein Zusammenspiel vieler H\u00e4nde\u201c interviewt.<br \/><\/span><\/p>\n<p><span style=\"color: #333333;\">Sie hoben mehrere wesentliche Faktoren f\u00fcr einen erfolgreichen Carve-out hervor, insbesondere f\u00fcr leistungsschwache Gesch\u00e4ftsbereiche:<\/span><\/p>\n<ul>\n<li style=\"text-align: justify;\"><span style=\"color: #333333;\">Die Operation so fr\u00fch wie m\u00f6glich antizipieren, um die Auswirkungen der Abspaltung auf die Organisation und das Gesch\u00e4ft des nicht-strategischen Bereichs, der ver\u00e4u\u00dfert werden soll, zu begrenzen.<\/span><\/li>\n<li style=\"text-align: justify;\"><span style=\"color: #333333;\">Den M&amp;A-Prozess stets mit einem ma\u00dfgeschneiderten Ansatz steuern (jeder Fall ist spezifisch), mit dem Ziel, einerseits das Wertversprechen des zu ver\u00e4u\u00dfernden Gesch\u00e4ftsbereichs attraktiv zu gestalten, indem dessen differenzierende St\u00e4rken (Marktpositionierung, Wertsch\u00f6pfungskette,\u2026) objektiv hervorgehoben werden, und andererseits strategische Partner\/K\u00e4ufer zu identifizieren, die schnell einen Hebeleffekt f\u00fcr dessen (Weiter-)Entwicklung erzielen k\u00f6nnten, insbesondere auf kommerzieller Ebene, wenn der Gesch\u00e4ftsbereich leistungsschwach ist.<\/span><\/li>\n<li style=\"text-align: justify;\"><span style=\"color: #333333;\">Das Umfeld vor, w\u00e4hrend und nach der Transaktion unter Kontrolle halten, insbesondere unter Ber\u00fccksichtigung der Stakeholder bei der M&amp;A-Transaktion (Arbeitnehmervertreter, Gewerkschaftsvertreter, lokale Mandatstr\u00e4ger, Beh\u00f6rden, Medien,\u2026), zum Beispiel im Rahmen eines Carve-outs eines leistungsschwachen und\/oder sozial sensiblen Gesch\u00e4ftsbereichs.<\/span><\/li>\n<li style=\"text-align: justify;\"><span style=\"color: #333333;\">Schlie\u00dflich betonten wir die Bedeutung, die Voraussetzungen zu schaffen, um Vertrauen bei allen \u201eStakeholdern\u201c in den Phasen der Vorbereitung, Akquise und Verhandlung aufzubauen. Daf\u00fcr ist es wichtig, ein \u201eDreamteam\u201c mit einem engagierten und reaktionsschnellen internen Projektteam zusammenzustellen und sich selbstverst\u00e4ndlich mit erfahrenen Beratern zu umgeben. <\/span><\/li>\n<\/ul>\n<p>[\/et_pb_text][\/et_pb_column][\/et_pb_row][et_pb_row _builder_version=&#8220;4.27.4&#8243; _module_preset=&#8220;default&#8220; global_colors_info=&#8220;{}&#8220;][et_pb_column type=&#8220;4_4&#8243; _builder_version=&#8220;4.27.4&#8243; _module_preset=&#8220;default&#8220; global_colors_info=&#8220;{}&#8220;][et_pb_code _builder_version=&#8220;4.27.4&#8243; _module_preset=&#8220;default&#8220; global_colors_info=&#8220;{}&#8220;]<\/p>\n<div style=\"position:relative;padding-bottom:56.25%;height:0;overflow:hidden;\"><iframe src=\"https:\/\/geo.dailymotion.com\/player.html?video=x9qw3fu\" style=\"width:100%; height:100%; position:absolute; left:0px; top:0px; overflow:hidden; border:none;\" allowfullscreentitle=\"Dailymotion Video Player\" allow=\"web-share\"><\/iframe><\/div>\n<p>[\/et_pb_code][\/et_pb_column][\/et_pb_row][et_pb_row _builder_version=&#8220;4.27.4&#8243; _module_preset=&#8220;default&#8220; global_colors_info=&#8220;{}&#8220;][et_pb_column type=&#8220;4_4&#8243; _builder_version=&#8220;4.27.4&#8243; _module_preset=&#8220;default&#8220; global_colors_info=&#8220;{}&#8220;][et_pb_image src=&#8220;https:\/\/www.oneida-associes.com\/wp-content\/uploads\/1758106243792.jpg&#8220; title_text=&#8220;1758106243792&#8243; _builder_version=&#8220;4.27.4&#8243; _module_preset=&#8220;default&#8220; global_colors_info=&#8220;{}&#8220;][\/et_pb_image][\/et_pb_column][\/et_pb_row][et_pb_row column_structure=&#8220;1_2,1_2&#8243; _builder_version=&#8220;4.27.4&#8243; _module_preset=&#8220;default&#8220; global_colors_info=&#8220;{}&#8220;][et_pb_column type=&#8220;1_2&#8243; _builder_version=&#8220;4.27.4&#8243; _module_preset=&#8220;default&#8220; global_colors_info=&#8220;{}&#8220;][et_pb_image src=&#8220;https:\/\/www.oneida-associes.com\/wp-content\/uploads\/1758115128612.jpg&#8220; title_text=&#8220;1758115128612&#8243; _builder_version=&#8220;4.27.4&#8243; _module_preset=&#8220;default&#8220; global_colors_info=&#8220;{}&#8220;][\/et_pb_image][\/et_pb_column][et_pb_column type=&#8220;1_2&#8243; _builder_version=&#8220;4.27.4&#8243; _module_preset=&#8220;default&#8220; global_colors_info=&#8220;{}&#8220;][et_pb_image src=&#8220;https:\/\/www.oneida-associes.com\/wp-content\/uploads\/1758115137250.jpg&#8220; title_text=&#8220;1758115137250&#8243; _builder_version=&#8220;4.27.4&#8243; _module_preset=&#8220;default&#8220; global_colors_info=&#8220;{}&#8220;][\/et_pb_image][\/et_pb_column][\/et_pb_row][\/et_pb_section]<\/p>\n","protected":false},"excerpt":{"rendered":"<p>Oneida Associ\u00e9s Partner des Restrukturierungs- &amp; Transformationsgipfels 2025September 2025Oneida Associ\u00e9s war Partner des letzten Restrukturierungs- &amp; Transformationsgipfels, der am 17. September 2025 in Paris stattfand. Beno\u00eet Parnet und Emmanuel Dampoux, Partner in der Abteilung M&amp;A-L\u00f6sungen, wurden von Mathieu Meffre, Direktor von Leaders League &amp; B SMART 4 CHANGE, im Anschluss an ihren Vortrag auf der [&hellip;]<\/p>\n","protected":false},"author":2,"featured_media":0,"comment_status":"closed","ping_status":"closed","sticky":false,"template":"","format":"standard","meta":{"_et_pb_use_builder":"on","_et_pb_old_content":"","_et_gb_content_width":"","footnotes":""},"categories":[12],"tags":[],"class_list":["post-1838","post","type-post","status-publish","format-standard","hentry","category-nicht-kategorisiert"],"yoast_head":"<!-- This site is optimized with the Yoast SEO plugin v27.5 - https:\/\/yoast.com\/product\/yoast-seo-wordpress\/ -->\n<title>September 2025 - Oneida Associ\u00e9s<\/title>\n<meta name=\"robots\" content=\"index, follow, max-snippet:-1, max-image-preview:large, max-video-preview:-1\" \/>\n<link rel=\"canonical\" href=\"https:\/\/www.oneida-associes.com\/de\/september-2025\/\" \/>\n<meta property=\"og:locale\" content=\"de_DE\" \/>\n<meta property=\"og:type\" content=\"article\" \/>\n<meta property=\"og:title\" content=\"September 2025 - Oneida Associ\u00e9s\" \/>\n<meta property=\"og:description\" content=\"Oneida Associ\u00e9s Partner des Restrukturierungs- &amp; Transformationsgipfels 2025September 2025Oneida Associ\u00e9s war Partner des letzten Restrukturierungs- &amp; Transformationsgipfels, der am 17. September 2025 in Paris stattfand. Beno\u00eet Parnet und Emmanuel Dampoux, Partner in der Abteilung M&amp;A-L\u00f6sungen, wurden von Mathieu Meffre, Direktor von Leaders League &amp; B SMART 4 CHANGE, im Anschluss an ihren Vortrag auf der [&hellip;]\" \/>\n<meta property=\"og:url\" content=\"https:\/\/www.oneida-associes.com\/de\/september-2025\/\" \/>\n<meta property=\"og:site_name\" content=\"Oneida Associ\u00e9s\" \/>\n<meta property=\"article:published_time\" content=\"2025-09-20T13:45:02+00:00\" \/>\n<meta property=\"article:modified_time\" content=\"2025-12-04T09:35:36+00:00\" \/>\n<meta name=\"author\" content=\"Clara Schoenlaub\" \/>\n<meta name=\"twitter:card\" content=\"summary_large_image\" \/>\n<meta name=\"twitter:label1\" content=\"Verfasst von\" \/>\n\t<meta name=\"twitter:data1\" content=\"Clara Schoenlaub\" \/>\n\t<meta name=\"twitter:label2\" content=\"Gesch\u00e4tzte Lesezeit\" \/>\n\t<meta name=\"twitter:data2\" content=\"4\u00a0Minute\" \/>\n<script type=\"application\/ld+json\" class=\"yoast-schema-graph\">{\"@context\":\"https:\\\/\\\/schema.org\",\"@graph\":[{\"@type\":\"Article\",\"@id\":\"https:\\\/\\\/www.oneida-associes.com\\\/de\\\/september-2025\\\/#article\",\"isPartOf\":{\"@id\":\"https:\\\/\\\/www.oneida-associes.com\\\/de\\\/september-2025\\\/\"},\"author\":{\"name\":\"Clara Schoenlaub\",\"@id\":\"https:\\\/\\\/www.oneida-associes.com\\\/de\\\/#\\\/schema\\\/person\\\/74a7a82569f0f473cb85ac9fe2aa5f7d\"},\"headline\":\"September 2025\",\"datePublished\":\"2025-09-20T13:45:02+00:00\",\"dateModified\":\"2025-12-04T09:35:36+00:00\",\"mainEntityOfPage\":{\"@id\":\"https:\\\/\\\/www.oneida-associes.com\\\/de\\\/september-2025\\\/\"},\"wordCount\":773,\"articleSection\":[\"Nicht kategorisiert\"],\"inLanguage\":\"de\"},{\"@type\":\"WebPage\",\"@id\":\"https:\\\/\\\/www.oneida-associes.com\\\/de\\\/september-2025\\\/\",\"url\":\"https:\\\/\\\/www.oneida-associes.com\\\/de\\\/september-2025\\\/\",\"name\":\"September 2025 - Oneida Associ\u00e9s\",\"isPartOf\":{\"@id\":\"https:\\\/\\\/www.oneida-associes.com\\\/de\\\/#website\"},\"datePublished\":\"2025-09-20T13:45:02+00:00\",\"dateModified\":\"2025-12-04T09:35:36+00:00\",\"author\":{\"@id\":\"https:\\\/\\\/www.oneida-associes.com\\\/de\\\/#\\\/schema\\\/person\\\/74a7a82569f0f473cb85ac9fe2aa5f7d\"},\"breadcrumb\":{\"@id\":\"https:\\\/\\\/www.oneida-associes.com\\\/de\\\/september-2025\\\/#breadcrumb\"},\"inLanguage\":\"de\",\"potentialAction\":[{\"@type\":\"ReadAction\",\"target\":[\"https:\\\/\\\/www.oneida-associes.com\\\/de\\\/september-2025\\\/\"]}]},{\"@type\":\"BreadcrumbList\",\"@id\":\"https:\\\/\\\/www.oneida-associes.com\\\/de\\\/september-2025\\\/#breadcrumb\",\"itemListElement\":[{\"@type\":\"ListItem\",\"position\":1,\"name\":\"Accueil\",\"item\":\"https:\\\/\\\/www.oneida-associes.com\\\/de\\\/\"},{\"@type\":\"ListItem\",\"position\":2,\"name\":\"September 2025\"}]},{\"@type\":\"WebSite\",\"@id\":\"https:\\\/\\\/www.oneida-associes.com\\\/de\\\/#website\",\"url\":\"https:\\\/\\\/www.oneida-associes.com\\\/de\\\/\",\"name\":\"Oneida Associ\u00e9s\",\"description\":\"Accompagne vos projets de transformation\",\"potentialAction\":[{\"@type\":\"SearchAction\",\"target\":{\"@type\":\"EntryPoint\",\"urlTemplate\":\"https:\\\/\\\/www.oneida-associes.com\\\/de\\\/?s={search_term_string}\"},\"query-input\":{\"@type\":\"PropertyValueSpecification\",\"valueRequired\":true,\"valueName\":\"search_term_string\"}}],\"inLanguage\":\"de\"},{\"@type\":\"Person\",\"@id\":\"https:\\\/\\\/www.oneida-associes.com\\\/de\\\/#\\\/schema\\\/person\\\/74a7a82569f0f473cb85ac9fe2aa5f7d\",\"name\":\"Clara Schoenlaub\",\"url\":\"https:\\\/\\\/www.oneida-associes.com\\\/de\\\/author\\\/admin-oasys\\\/\"}]}<\/script>\n<!-- \/ Yoast SEO plugin. -->","yoast_head_json":{"title":"September 2025 - Oneida Associ\u00e9s","robots":{"index":"index","follow":"follow","max-snippet":"max-snippet:-1","max-image-preview":"max-image-preview:large","max-video-preview":"max-video-preview:-1"},"canonical":"https:\/\/www.oneida-associes.com\/de\/september-2025\/","og_locale":"de_DE","og_type":"article","og_title":"September 2025 - Oneida Associ\u00e9s","og_description":"Oneida Associ\u00e9s Partner des Restrukturierungs- &amp; Transformationsgipfels 2025September 2025Oneida Associ\u00e9s war Partner des letzten Restrukturierungs- &amp; Transformationsgipfels, der am 17. September 2025 in Paris stattfand. Beno\u00eet Parnet und Emmanuel Dampoux, Partner in der Abteilung M&amp;A-L\u00f6sungen, wurden von Mathieu Meffre, Direktor von Leaders League &amp; B SMART 4 CHANGE, im Anschluss an ihren Vortrag auf der [&hellip;]","og_url":"https:\/\/www.oneida-associes.com\/de\/september-2025\/","og_site_name":"Oneida Associ\u00e9s","article_published_time":"2025-09-20T13:45:02+00:00","article_modified_time":"2025-12-04T09:35:36+00:00","author":"Clara Schoenlaub","twitter_card":"summary_large_image","twitter_misc":{"Verfasst von":"Clara Schoenlaub","Gesch\u00e4tzte Lesezeit":"4\u00a0Minute"},"schema":{"@context":"https:\/\/schema.org","@graph":[{"@type":"Article","@id":"https:\/\/www.oneida-associes.com\/de\/september-2025\/#article","isPartOf":{"@id":"https:\/\/www.oneida-associes.com\/de\/september-2025\/"},"author":{"name":"Clara Schoenlaub","@id":"https:\/\/www.oneida-associes.com\/de\/#\/schema\/person\/74a7a82569f0f473cb85ac9fe2aa5f7d"},"headline":"September 2025","datePublished":"2025-09-20T13:45:02+00:00","dateModified":"2025-12-04T09:35:36+00:00","mainEntityOfPage":{"@id":"https:\/\/www.oneida-associes.com\/de\/september-2025\/"},"wordCount":773,"articleSection":["Nicht kategorisiert"],"inLanguage":"de"},{"@type":"WebPage","@id":"https:\/\/www.oneida-associes.com\/de\/september-2025\/","url":"https:\/\/www.oneida-associes.com\/de\/september-2025\/","name":"September 2025 - Oneida Associ\u00e9s","isPartOf":{"@id":"https:\/\/www.oneida-associes.com\/de\/#website"},"datePublished":"2025-09-20T13:45:02+00:00","dateModified":"2025-12-04T09:35:36+00:00","author":{"@id":"https:\/\/www.oneida-associes.com\/de\/#\/schema\/person\/74a7a82569f0f473cb85ac9fe2aa5f7d"},"breadcrumb":{"@id":"https:\/\/www.oneida-associes.com\/de\/september-2025\/#breadcrumb"},"inLanguage":"de","potentialAction":[{"@type":"ReadAction","target":["https:\/\/www.oneida-associes.com\/de\/september-2025\/"]}]},{"@type":"BreadcrumbList","@id":"https:\/\/www.oneida-associes.com\/de\/september-2025\/#breadcrumb","itemListElement":[{"@type":"ListItem","position":1,"name":"Accueil","item":"https:\/\/www.oneida-associes.com\/de\/"},{"@type":"ListItem","position":2,"name":"September 2025"}]},{"@type":"WebSite","@id":"https:\/\/www.oneida-associes.com\/de\/#website","url":"https:\/\/www.oneida-associes.com\/de\/","name":"Oneida Associ\u00e9s","description":"Accompagne vos projets de transformation","potentialAction":[{"@type":"SearchAction","target":{"@type":"EntryPoint","urlTemplate":"https:\/\/www.oneida-associes.com\/de\/?s={search_term_string}"},"query-input":{"@type":"PropertyValueSpecification","valueRequired":true,"valueName":"search_term_string"}}],"inLanguage":"de"},{"@type":"Person","@id":"https:\/\/www.oneida-associes.com\/de\/#\/schema\/person\/74a7a82569f0f473cb85ac9fe2aa5f7d","name":"Clara Schoenlaub","url":"https:\/\/www.oneida-associes.com\/de\/author\/admin-oasys\/"}]}},"_links":{"self":[{"href":"https:\/\/www.oneida-associes.com\/de\/wp-json\/wp\/v2\/posts\/1838","targetHints":{"allow":["GET"]}}],"collection":[{"href":"https:\/\/www.oneida-associes.com\/de\/wp-json\/wp\/v2\/posts"}],"about":[{"href":"https:\/\/www.oneida-associes.com\/de\/wp-json\/wp\/v2\/types\/post"}],"author":[{"embeddable":true,"href":"https:\/\/www.oneida-associes.com\/de\/wp-json\/wp\/v2\/users\/2"}],"replies":[{"embeddable":true,"href":"https:\/\/www.oneida-associes.com\/de\/wp-json\/wp\/v2\/comments?post=1838"}],"version-history":[{"count":2,"href":"https:\/\/www.oneida-associes.com\/de\/wp-json\/wp\/v2\/posts\/1838\/revisions"}],"predecessor-version":[{"id":1840,"href":"https:\/\/www.oneida-associes.com\/de\/wp-json\/wp\/v2\/posts\/1838\/revisions\/1840"}],"wp:attachment":[{"href":"https:\/\/www.oneida-associes.com\/de\/wp-json\/wp\/v2\/media?parent=1838"}],"wp:term":[{"taxonomy":"category","embeddable":true,"href":"https:\/\/www.oneida-associes.com\/de\/wp-json\/wp\/v2\/categories?post=1838"},{"taxonomy":"post_tag","embeddable":true,"href":"https:\/\/www.oneida-associes.com\/de\/wp-json\/wp\/v2\/tags?post=1838"}],"curies":[{"name":"wp","href":"https:\/\/api.w.org\/{rel}","templated":true}]}}